{"id":1194,"date":"2024-05-10T20:55:23","date_gmt":"2024-05-10T20:55:23","guid":{"rendered":"https:\/\/comestar.artistemultimedia.com\/?p=1194"},"modified":"2024-05-17T20:35:26","modified_gmt":"2024-05-17T20:35:26","slug":"gen-i-beq-september-sacha-vg-88-2y","status":"publish","type":"post","link":"https:\/\/comestar.qc.ca\/en\/gen-i-beq-september-sacha-rw\/gen-i-beq-september-sacha-vg-88-2y\/","title":{"rendered":"Gen-I-Beq September Sacha VG-88 2Y"},"content":{"rendered":"<div data-elementor-type=\"wp-post\" data-elementor-id=\"1194\" class=\"elementor elementor-1194\">\n\t\t\t\t<div class=\"elementor-element elementor-element-8977479 e-flex e-con-boxed wpr-particle-no wpr-jarallax-no wpr-parallax-no wpr-sticky-section-no e-con e-parent\" data-id=\"8977479\" data-element_type=\"container\">\n\t\t\t\t\t<div class=\"e-con-inner\">\n\t\t\t\t<div class=\"elementor-element elementor-element-f025b7e elementor-widget__width-initial elementor-widget elementor-widget-image\" data-id=\"f025b7e\" data-element_type=\"widget\" data-widget_type=\"image.default\">\n\t\t\t\t<div class=\"elementor-widget-container\">\n\t\t\t\t\t\t\t\t\t\t\t\t\t\t\t\t<a href=\"https:\/\/www.holstein.ca\/ReportingViewer.aspx?r=ais&#038;p=HOCANF103075301~ENGLISH~KG~BCA~0\" target=\"_blank\">\n\t\t\t\t\t\t\t<img decoding=\"async\" width=\"22\" height=\"16\" src=\"https:\/\/comestar.qc.ca\/wp-content\/uploads\/2024\/05\/img_icoHolstein.png\" class=\"attachment-large size-large wp-image-1093\" alt=\"\" \/>\t\t\t\t\t\t\t\t<\/a>\n\t\t\t\t\t\t\t\t\t\t\t\t\t\t\t<\/div>\n\t\t\t\t<\/div>\n\t\t\t\t<div class=\"elementor-element elementor-element-140de2d elementor-widget elementor-widget-text-editor\" data-id=\"140de2d\" data-element_type=\"widget\" data-widget_type=\"text-editor.default\">\n\t\t\t\t<div class=\"elementor-widget-container\">\n\t\t\t\t\t\t\t\t\t<ul><li><span style=\"color: #000000;\">2-00 13 980 kg 4,5% 3,3% (360-441-377)<\/span><\/li><li><span style=\"color: #000000;\">IPV +2940<\/span><\/li><li><span style=\"color: #000000;\">2 fils \u00e0 Semex<\/span><\/li><li><span style=\"color: #000000;\">Top de la vente des \u00e9toiles 2007<\/span><\/li><\/ul>\t\t\t\t\t\t\t\t<\/div>\n\t\t\t\t<\/div>\n\t\t\t\t<div class=\"elementor-element elementor-element-88f446d elementor-widget-divider--view-line elementor-widget elementor-widget-divider\" data-id=\"88f446d\" data-element_type=\"widget\" data-widget_type=\"divider.default\">\n\t\t\t\t<div class=\"elementor-widget-container\">\n\t\t\t\t\t\t\t<div class=\"elementor-divider\">\n\t\t\t<span class=\"elementor-divider-separator\">\n\t\t\t\t\t\t<\/span>\n\t\t<\/div>\n\t\t\t\t\t\t<\/div>\n\t\t\t\t<\/div>\n\t\t\t\t<div class=\"elementor-element elementor-element-84007a3 elementor-widget__width-initial elementor-widget elementor-widget-heading\" data-id=\"84007a3\" data-element_type=\"widget\" data-widget_type=\"heading.default\">\n\t\t\t\t<div class=\"elementor-widget-container\">\n\t\t\t\t\t<p class=\"elementor-heading-title elementor-size-default\">Prog\u00e9niture<\/p>\t\t\t\t<\/div>\n\t\t\t\t<\/div>\n\t\t\t\t<div class=\"elementor-element elementor-element-5471a8b elementor-widget elementor-widget-elementskit-blog-posts\" data-id=\"5471a8b\" data-element_type=\"widget\" data-widget_type=\"elementskit-blog-posts.default\">\n\t\t\t\t<div class=\"elementor-widget-container\">\n\t\t\t\t\t<div class=\"ekit-wid-con\" >        <div id=\"post-items--5471a8b\" class=\"row post-items\">\n                    <div class=\"col-lg-4 col-md-6\">\n\n                                    <div class=\"elementskit-post-image-card\">\n                        <div class=\"elementskit-entry-header\">\n                                                            <a href=\"https:\/\/comestar.qc.ca\/en\/gen-i-beq-september-sacha-rw\/gen-i-beq-igniter-sacha-ex-91-3e-18\/\" class=\"elementskit-entry-thumb\">\n                                    <img decoding=\"async\" src=\"https:\/\/comestar.qc.ca\/wp-content\/uploads\/2024\/05\/genibeq_igniter_sacha_07.jpg\" alt=\"Gen-I-Beq Igniter Sacha EX-91 3E 18*\">\n                                <\/a><!-- .elementskit-entry-thumb END -->\n                                                            \n                                                            <div class=\"elementskit-meta-categories\">\n                                    <span class=\"elementskit-meta-wraper\">\n                                        <span><a href=\"https:\/\/comestar.qc.ca\/en\/category\/gen-i-beq-september-sacha-rw\/\" rel=\"category tag\">Famille Gen-I-Beq September Sacha R&amp;W<\/a><\/span>\n                                    <\/span>\n                                <\/div>\n                            \n\t\t\t\t\t\t\t\t\t\t\t\t\t<\/div><!-- .elementskit-entry-header END -->\n\n\t\t\t\t\t\t<div class=\"elementskit-post-body ekit-highlight-border\">\n\t\t\t\t\t\t\t\n\t\t\t\t\t\t\t\t\t\t\t\t\t\t\t\t\t\t\t\t\t\t\t\t\t\t\t\t\t\t\n\t\t\t\t\t\t\t\t\n\t\t\t\t\t\t\t\t\t\t\t\t\t\t\t\t\t\t\t\t\t<h2 class=\"entry-title\">\n\t\t\t\t\t<a href=\"https:\/\/comestar.qc.ca\/en\/gen-i-beq-september-sacha-rw\/gen-i-beq-igniter-sacha-ex-91-3e-18\/\">\n\t\t\t\t\t\tGen-I-Beq Igniter Sacha EX-91 3E 18*\t\t\t\t\t<\/a>\n\t\t\t\t<\/h2>\n\t\t\t\t\t\t\t\t\t\t\t\t\t\t\t\t\t\t\t\t\t\t\t\t\t\t\t\t\t\t\t\t\t\t\t\t\t\t\t\t\t\t\t\t\t\t\t\t\t\t\t\t\t\t\t\t\t\t\t\t\t\t\t\t                                                    <\/div><!-- .elementskit-post-body END -->\n                    <\/div>\n                \n            <\/div>\n                    <div class=\"col-lg-4 col-md-6\">\n\n                                    <div class=\"elementskit-post-image-card\">\n                        <div class=\"elementskit-entry-header\">\n                                                            <a href=\"https:\/\/comestar.qc.ca\/en\/gen-i-beq-september-sacha-rw\/soeur-propre\/gen-i-beq-september-sky-vg-2y\/\" class=\"elementskit-entry-thumb\">\n                                    <img decoding=\"async\" src=\"https:\/\/comestar.qc.ca\/wp-content\/uploads\/2024\/05\/genibeq_septemberSky.jpg\" alt=\"Gen-I-Beq September Sky VG 2Y\">\n                                <\/a><!-- .elementskit-entry-thumb END -->\n                                                            \n                                                            <div class=\"elementskit-meta-categories\">\n                                    <span class=\"elementskit-meta-wraper\">\n                                        <span><a href=\"https:\/\/comestar.qc.ca\/en\/category\/gen-i-beq-september-sacha-rw\/soeur-propre\/\" rel=\"category tag\">Soeur propre<\/a><\/span>\n                                    <\/span>\n                                <\/div>\n                            \n\t\t\t\t\t\t\t\t\t\t\t\t\t<\/div><!-- .elementskit-entry-header END -->\n\n\t\t\t\t\t\t<div class=\"elementskit-post-body ekit-highlight-border\">\n\t\t\t\t\t\t\t\n\t\t\t\t\t\t\t\t\t\t\t\t\t\t\t\t\t\t\t\t\t\t\t\t\t\t\t\t\t\t\n\t\t\t\t\t\t\t\t\n\t\t\t\t\t\t\t\t\t\t\t\t\t\t\t\t\t\t\t\t\t<h2 class=\"entry-title\">\n\t\t\t\t\t<a href=\"https:\/\/comestar.qc.ca\/en\/gen-i-beq-september-sacha-rw\/soeur-propre\/gen-i-beq-september-sky-vg-2y\/\">\n\t\t\t\t\t\tGen-I-Beq September Sky VG 2Y\t\t\t\t\t<\/a>\n\t\t\t\t<\/h2>\n\t\t\t\t\t\t\t\t\t\t\t\t\t\t\t\t\t\t\t\t\t\t\t\t\t\t\t\t\t\t\t\t\t\t\t\t\t\t\t\t\t\t\t\t\t\t\t\t\t\t\t\t\t\t\t\t\t\t\t\t\t\t\t\t                                                    <\/div><!-- .elementskit-post-body END -->\n                    <\/div>\n                \n            <\/div>\n                    <div class=\"col-lg-4 col-md-6\">\n\n                                    <div class=\"elementskit-post-image-card\">\n                        <div class=\"elementskit-entry-header\">\n                                                            <a href=\"https:\/\/comestar.qc.ca\/en\/gen-i-beq-september-sacha-rw\/de-la-meme-famille\/gen-i-beq-elayo-skyrou-vg-2yrs\/\" class=\"elementskit-entry-thumb\">\n                                    <img decoding=\"async\" src=\"https:\/\/comestar.qc.ca\/wp-content\/uploads\/2024\/05\/Gen-I-Beq-Elayo-Skyrou.jpg\" alt=\"Gen-I-Beq Elayo Skyrou VG 2Yrs\">\n                                <\/a><!-- .elementskit-entry-thumb END -->\n                                                            \n                                                            <div class=\"elementskit-meta-categories\">\n                                    <span class=\"elementskit-meta-wraper\">\n                                        <span><a href=\"https:\/\/comestar.qc.ca\/en\/category\/gen-i-beq-september-sacha-rw\/de-la-meme-famille\/\" rel=\"category tag\">De la m\u00eame famille<\/a><\/span>\n                                    <\/span>\n                                <\/div>\n                            \n\t\t\t\t\t\t\t\t\t\t\t\t\t<\/div><!-- .elementskit-entry-header END -->\n\n\t\t\t\t\t\t<div class=\"elementskit-post-body ekit-highlight-border\">\n\t\t\t\t\t\t\t\n\t\t\t\t\t\t\t\t\t\t\t\t\t\t\t\t\t\t\t\t\t\t\t\t\t\t\t\t\t\t\n\t\t\t\t\t\t\t\t\n\t\t\t\t\t\t\t\t\t\t\t\t\t\t\t\t\t\t\t\t\t<h2 class=\"entry-title\">\n\t\t\t\t\t<a href=\"https:\/\/comestar.qc.ca\/en\/gen-i-beq-september-sacha-rw\/de-la-meme-famille\/gen-i-beq-elayo-skyrou-vg-2yrs\/\">\n\t\t\t\t\t\tGen-I-Beq Elayo Skyrou VG 2Yrs\t\t\t\t\t<\/a>\n\t\t\t\t<\/h2>\n\t\t\t\t\t\t\t\t\t\t\t\t\t\t\t\t\t\t\t\t\t\t\t\t\t\t\t\t\t\t\t\t\t\t\t\t\t\t\t\t\t\t\t\t\t\t\t\t\t\t\t\t\t\t\t\t\t\t\t\t\t\t\t\t                                                    <\/div><!-- .elementskit-post-body END -->\n                    <\/div>\n                \n            <\/div>\n                    <div class=\"col-lg-4 col-md-6\">\n\n                                    <div class=\"elementskit-post-image-card\">\n                        <div class=\"elementskit-entry-header\">\n                                                            <a href=\"https:\/\/comestar.qc.ca\/en\/gen-i-beq-september-sacha-rw\/2e-mere-gen-i-beq-september-sacha-rw\/glen-drummond-splendor-vg-86-2yrs-37\/\" class=\"elementskit-entry-thumb\">\n                                    <img decoding=\"async\" src=\"https:\/\/comestar.qc.ca\/wp-content\/uploads\/2021\/12\/logoComestar-1.png\" alt=\"Glen Drummond Splendor VG-86 2Yrs 37*\">\n                                <\/a><!-- .elementskit-entry-thumb END -->\n                                                            \n                                                            <div class=\"elementskit-meta-categories\">\n                                    <span class=\"elementskit-meta-wraper\">\n                                        <span><a href=\"https:\/\/comestar.qc.ca\/en\/category\/gen-i-beq-september-sacha-rw\/2e-mere-gen-i-beq-september-sacha-rw\/\" rel=\"category tag\">2e m\u00e8re<\/a><\/span>\n                                    <\/span>\n                                <\/div>\n                            \n\t\t\t\t\t\t\t\t\t\t\t\t\t<\/div><!-- .elementskit-entry-header END -->\n\n\t\t\t\t\t\t<div class=\"elementskit-post-body ekit-highlight-border\">\n\t\t\t\t\t\t\t\n\t\t\t\t\t\t\t\t\t\t\t\t\t\t\t\t\t\t\t\t\t\t\t\t\t\t\t\t\t\t\n\t\t\t\t\t\t\t\t\n\t\t\t\t\t\t\t\t\t\t\t\t\t\t\t\t\t\t\t\t\t<h2 class=\"entry-title\">\n\t\t\t\t\t<a href=\"https:\/\/comestar.qc.ca\/en\/gen-i-beq-september-sacha-rw\/2e-mere-gen-i-beq-september-sacha-rw\/glen-drummond-splendor-vg-86-2yrs-37\/\">\n\t\t\t\t\t\tGlen Drummond Splendor VG-86 2Yrs 37*\t\t\t\t\t<\/a>\n\t\t\t\t<\/h2>\n\t\t\t\t\t\t\t\t\t\t\t\t\t\t\t\t\t\t\t\t\t\t\t\t\t\t\t\t\t\t\t\t\t\t\t\t\t\t\t\t\t\t\t\t\t\t\t\t\t\t\t\t\t\t\t\t\t\t\t\t\t\t\t\t                                                    <\/div><!-- .elementskit-post-body END -->\n                    <\/div>\n                \n            <\/div>\n                <\/div>\n       <\/div>\t\t\t\t<\/div>\n\t\t\t\t<\/div>\n\t\t\t\t\t<\/div>\n\t\t\t\t<\/div>\n\t\t\t\t<\/div>","protected":false},"excerpt":{"rendered":"<p>2-00 13 980 kg 4,5% 3,3% (360-441-377) IPV +2940 2 fils \u00e0 Semex Top de la vente des \u00e9toiles 2007 Prog\u00e9niture M\u00e8re Gen-I-Beq Igniter Sacha EX-91 3E 18* Soeur propre Gen-I-Beq September Sky VG 2Y De la m\u00eame famille Gen-I-Beq Elayo Skyrou VG 2Yr 2e m\u00e8re Glen Drummond Splendor VG-86 2Yr 37*<\/p>","protected":false},"author":1,"featured_media":1195,"comment_status":"closed","ping_status":"closed","sticky":false,"template":"","format":"standard","meta":{"footnotes":""},"categories":[34],"tags":[],"class_list":["post-1194","post","type-post","status-publish","format-standard","has-post-thumbnail","hentry","category-gen-i-beq-september-sacha-rw"],"_links":{"self":[{"href":"https:\/\/comestar.qc.ca\/en\/wp-json\/wp\/v2\/posts\/1194","targetHints":{"allow":["GET"]}}],"collection":[{"href":"https:\/\/comestar.qc.ca\/en\/wp-json\/wp\/v2\/posts"}],"about":[{"href":"https:\/\/comestar.qc.ca\/en\/wp-json\/wp\/v2\/types\/post"}],"author":[{"embeddable":true,"href":"https:\/\/comestar.qc.ca\/en\/wp-json\/wp\/v2\/users\/1"}],"replies":[{"embeddable":true,"href":"https:\/\/comestar.qc.ca\/en\/wp-json\/wp\/v2\/comments?post=1194"}],"version-history":[{"count":0,"href":"https:\/\/comestar.qc.ca\/en\/wp-json\/wp\/v2\/posts\/1194\/revisions"}],"wp:featuredmedia":[{"embeddable":true,"href":"https:\/\/comestar.qc.ca\/en\/wp-json\/wp\/v2\/media\/1195"}],"wp:attachment":[{"href":"https:\/\/comestar.qc.ca\/en\/wp-json\/wp\/v2\/media?parent=1194"}],"wp:term":[{"taxonomy":"category","embeddable":true,"href":"https:\/\/comestar.qc.ca\/en\/wp-json\/wp\/v2\/categories?post=1194"},{"taxonomy":"post_tag","embeddable":true,"href":"https:\/\/comestar.qc.ca\/en\/wp-json\/wp\/v2\/tags?post=1194"}],"curies":[{"name":"wp","href":"https:\/\/api.w.org\/{rel}","templated":true}]}}